{"id":8056,"date":"2025-11-10T19:24:40","date_gmt":"2025-11-10T16:24:40","guid":{"rendered":"https:\/\/marchemondiale.org\/?p=8056"},"modified":"2025-11-10T19:44:34","modified_gmt":"2025-11-10T16:44:34","slug":"marching-from-kandy-to-belem-for-the-sovereignty-of-peoples-and-buen-vivir","status":"publish","type":"post","link":"https:\/\/marchemondiale.org\/?p=8056","title":{"rendered":"Marching from Kandy to Bel\u00e9m for the sovereignty of peoples and Buen Vivir"},"content":{"rendered":"\n<h3 class=\"wp-block-heading\"><strong>The Kandy Declaration is published! It&#8217;s a very powerful document that lights our path forward, and we encourage everyone to read it.&nbsp;<\/strong><\/h3>\n\n\n\n<p class=\"wp-block-paragraph\">In September 2025, the 3rd Ny\u00e9l\u00e9ni Global Forum happened in Kandy, Sri Lanka. Over 20 delegates from the World March of Women participated in a convergence with comrades from other social movements and organizations to build a political platform that will guide the fight for food sovereignty and agroecology: healthy food and autonomy over its production, distribution, and consumption. Our goal was to build a political platform to transform the system. Our delegates reiterated how anti-capitalist, peasant, Indigenous, and Black feminism, the grassroots feminism that makes up our movement, are fundamental tools for building such a transformation. In this 3rd edition, the Forum was a powerful collective platform made up of strategic alliances of global popular movements that inspired mobilisations, political changes and narratives, experiences of solidarity and agroecological practices.<\/p>\n\n\n\n<p class=\"wp-block-paragraph\"><br>The two key political documents of the 3rd Ny\u00e9l\u00e9ni Global Forum are the Common Political Action Agenda (CPAA) and the Kandy Declaration. Briefly put, the latter is a summarized version of the former, which consists of our common understandings, commitments and paths forward. Today, the Kandy Declaration was published and we strongly encourage everyone to read it! It\u00b4s an important step as we walk hand-in-hand in the direction of Bel\u00e9m in Par\u00e1, Brasil, where we\u00b4ll meet on November 12th in the People\u00b4s Summit of the COP30.<\/p>\n\n\n\n<div class=\"wp-block-media-text is-stacked-on-mobile\" style=\"grid-template-columns:67% auto\"><figure class=\"wp-block-media-text__media\"><img data-recalc-dims=\"1\" fetchpriority=\"high\" decoding=\"async\" width=\"799\" height=\"396\" data-attachment-id=\"8082\" data-permalink=\"https:\/\/marchemondiale.org\/?attachment_id=8082\" data-orig-file=\"https:\/\/i0.wp.com\/marchemondiale.org\/wp-content\/uploads\/2025\/11\/54783806093_f52a5e6971_c-2.jpg?fit=799%2C396&amp;ssl=1\" data-orig-size=\"799,396\" data-comments-opened=\"1\" data-image-meta=\"{&quot;aperture&quot;:&quot;0&quot;,&quot;credit&quot;:&quot;&quot;,&quot;camera&quot;:&quot;&quot;,&quot;caption&quot;:&quot;&quot;,&quot;created_timestamp&quot;:&quot;0&quot;,&quot;copyright&quot;:&quot;&quot;,&quot;focal_length&quot;:&quot;0&quot;,&quot;iso&quot;:&quot;0&quot;,&quot;shutter_speed&quot;:&quot;0&quot;,&quot;title&quot;:&quot;&quot;,&quot;orientation&quot;:&quot;0&quot;}\" data-image-title=\"54783806093_f52a5e6971_c\" data-image-description=\"\" data-image-caption=\"\" data-large-file=\"https:\/\/i0.wp.com\/marchemondiale.org\/wp-content\/uploads\/2025\/11\/54783806093_f52a5e6971_c-2.jpg?fit=799%2C396&amp;ssl=1\" src=\"https:\/\/i0.wp.com\/marchemondiale.org\/wp-content\/uploads\/2025\/11\/54783806093_f52a5e6971_c-2.jpg?resize=799%2C396&#038;ssl=1\" alt=\"\" class=\"wp-image-8082 size-full\" srcset=\"https:\/\/i0.wp.com\/marchemondiale.org\/wp-content\/uploads\/2025\/11\/54783806093_f52a5e6971_c-2.jpg?w=799&amp;ssl=1 799w, https:\/\/i0.wp.com\/marchemondiale.org\/wp-content\/uploads\/2025\/11\/54783806093_f52a5e6971_c-2.jpg?resize=300%2C149&amp;ssl=1 300w, https:\/\/i0.wp.com\/marchemondiale.org\/wp-content\/uploads\/2025\/11\/54783806093_f52a5e6971_c-2.jpg?resize=768%2C381&amp;ssl=1 768w, https:\/\/i0.wp.com\/marchemondiale.org\/wp-content\/uploads\/2025\/11\/54783806093_f52a5e6971_c-2.jpg?resize=260%2C129&amp;ssl=1 260w, https:\/\/i0.wp.com\/marchemondiale.org\/wp-content\/uploads\/2025\/11\/54783806093_f52a5e6971_c-2.jpg?resize=50%2C25&amp;ssl=1 50w, https:\/\/i0.wp.com\/marchemondiale.org\/wp-content\/uploads\/2025\/11\/54783806093_f52a5e6971_c-2.jpg?resize=150%2C75&amp;ssl=1 150w\" sizes=\"(max-width: 799px) 100vw, 799px\" \/><\/figure><div class=\"wp-block-media-text__content\">\n<h2 class=\"wp-block-heading\"><strong><a href=\"https:\/\/nyeleniglobalforum.org\/wp-content\/uploads\/2025\/11\/EN_KANDY-DECLARATION.pdf\">To access the Kandy Declaration, click here.<\/a><\/strong><\/h2>\n<\/div><\/div>\n\n\n\n<p class=\"wp-block-paragraph\">To keep going forward, let\u00b4s take some steps back and understand what it means to have sovereignty over our food. Simply put, it means to consume what we produce and to produce what we consume. It is the right of peoples to healthy and culturally appropriated food produced through ecological and sustainable methods, and the right to define their own food and agricultural systems. Being able to decide how we produce, distribute and consume food is necessary for transforming the world and putting an end to capitalism, patriarchy, racism, colonialism and other systems that oppress the people. Through the 25 years of the World March of Women, diverse materials have been produced on these issues, such as<a href=\"https:\/\/www.youtube.com\/watch?v=JpTqOVTZcQU\"> <strong>this video<\/strong> <\/a>that explains how food sovereignty is a feminist struggle.<\/p>\n\n\n\n<p class=\"wp-block-paragraph\"><br>We understand food sovereignty as a broad and transformative struggle that strengthens peasant agriculture and resists the power of transnational corporations that seek to destroy our popular food systems. Peasant women play a key role by preserving local seeds, protecting biodiversity and defending their territories and ways of living. Our movement builds on this knowledge collectively and concretely since the 6th International Meeting in Lima, Peru, in 2006. One year later, at the 7th International Meeting in Vigo, Gal\u00edcia, these discussions were invigorated following the 1st Ny\u00e9l\u00e9ni Global Forum in 2007.<\/p>\n\n\n\n<p class=\"wp-block-paragraph\"><br>Furthermore, one of the four axis of action is Feminist Economy Based on Sustainability of Life and Food Sovereignty. We recognize care as not only essential to sustain the system, but also as what connects us and the land because we\u00b4re inter and ecodependents. As the conflict between the logic of care and the logic of accumulation exacerbates, so do conflicts and wars around the world, through &#8220;the appropriation and privatisation of the commons, the destruction of subsistence economies and the commodification of life (e.g. seeds, knowledge, relationships and forms of communication) and allowing the logic of accumulation to permeate new spheres.&#8221; You can continue reading the document of this axis<a href=\"https:\/\/marchemondiale.org\/homepage\/action-areas\/feminist-economy-based-on-sustainability-of-life-and-food-sovereignty\/\"> <\/a><strong><a href=\"https:\/\/marchemondiale.org\/homepage\/action-areas\/feminist-economy-based-on-sustainability-of-life-and-food-sovereignty\/\">here<\/a>.<\/strong><\/p>\n\n\n\n<p class=\"wp-block-paragraph\"><br>In the next days, we\u00b4ll navigate stories, feelings, and strategies with comrades who have participated in the 3rd Ny\u00e9l\u00e9ni in September 2025. The forum was an important step in a process and now is followed by COP30 in Bel\u00e9m, Brazil, which gives continuity to our encounters, denunciations, and convergence of our struggles to transform the world. Our comrade Mafalda Galdames Castro from Chile was both in the 1st and 3rd Ny\u00e9l\u00e9ni, in 2007 and 2025 respectively. She takes us back in time through her memories:<\/p>\n\n\n\n<blockquote class=\"wp-block-quote is-layout-flow wp-block-quote-is-layout-flow\">\n<p class=\"wp-block-paragraph\">&#8220;The 3rd Ny\u00e9l\u00e9ni Global Forum has its origins in the 1st World Forum for Food Sovereignty held on the African continent, in the nation of Mali, in the Sikasso region, located 140 kilometers from the capital Bamako, in the town of Selingu\u00e9, from February 23 to 27, 2007. It was a particularly beautiful location due to its characteristics, in an open space next to a large water reservoir, which bears the same name as the community of Selingu\u00e9. The camp facilities were built by the community itself: a ramada (or palapa) for assemblies, discussions, and debates; cabins for the delegates&#8217; accommodation; and kitchen and toilet facilities, all austere and rustic given the economic conditions of the area. <\/p>\n\n\n\n<p class=\"wp-block-paragraph\">However, the affection, warmth, and joy of the organizations that welcomed us, the locals, and the neighbors added value to the days we spent together at this unforgettable event, which marked the beginning of a process full of symbolism and gestures of humility, fraternity, and solidarity from the host organizations of La Via Campesina, the World March of Women, and other international organizations that believed in and contributed financially and human resources to this life project, which is the struggle for food sovereignty for all peoples. This meeting unanimously adopted the name Ny\u00e9l\u00e9ni, in honor and as a tribute to the peasant woman so named by her parents, who, as legend has it, contravened the rigid norms and customs of her community and took on the production of food for her family in times of scarcity.<\/p>\n\n\n\n<p class=\"wp-block-paragraph\">The first declaration, which had the virtue of bringing together global movements that defend the production of healthy and diversified food, stated:<br>&#8216;Most of us are food producers and we are willing, able, and determined to feed all the peoples of the world. Our heritage as food producers is fundamental to the future of humanity. This is particularly the case for women and indigenous peoples, who are creators of ancestral knowledge about food and agriculture, and who are undervalued. But this heritage and this capacity to produce nutritious, high-quality food in abundance are threatened and undermined by neoliberalism and global capitalism.'&#8221;<\/p>\n<\/blockquote>\n\n\n\n<p class=\"wp-block-paragraph\">As Mafalda makes visible, Ny\u00e9l\u00e9ni is a struggle planted by a mythical Malian peasant woman who challenged patriarchy and, despite the aridity of the land, was able to cultivate grains such as fonio and samio and feed her entire community. This legend is the seed of the Ny\u00e9l\u00e9ni Global Forum, and it\u00b4s 1st edition was an important gathering for having a common understanding and reaffirming the importance of food sovereignty guaranteed by the peoples who, historically, feed the world.<\/p>\n\n\n\n<p class=\"wp-block-paragraph\"><br>Below are pictures from the 1st Ny\u00e9l\u00e9ni Global Forum in Mali! To see more photo archives from the movement you can access this<a href=\"https:\/\/capiremov.org\/en\/multimedia\/gallery\/peasant-struggles-and-food-sovereignty\/\"> Gallery from Capire<\/a>!<\/p>\n\n\n<div class=\"wp-block-image\">\n<figure class=\"aligncenter size-large\"><img data-recalc-dims=\"1\" decoding=\"async\" width=\"1024\" height=\"764\" data-attachment-id=\"8059\" data-permalink=\"https:\/\/marchemondiale.org\/?attachment_id=8059\" data-orig-file=\"https:\/\/i0.wp.com\/marchemondiale.org\/wp-content\/uploads\/2025\/11\/Nyeleni-1.jpeg?fit=1600%2C1194&amp;ssl=1\" data-orig-size=\"1600,1194\" data-comments-opened=\"1\" data-image-meta=\"{&quot;aperture&quot;:&quot;0&quot;,&quot;credit&quot;:&quot;&quot;,&quot;camera&quot;:&quot;&quot;,&quot;caption&quot;:&quot;&quot;,&quot;created_timestamp&quot;:&quot;0&quot;,&quot;copyright&quot;:&quot;&quot;,&quot;focal_length&quot;:&quot;0&quot;,&quot;iso&quot;:&quot;0&quot;,&quot;shutter_speed&quot;:&quot;0&quot;,&quot;title&quot;:&quot;&quot;,&quot;orientation&quot;:&quot;0&quot;}\" data-image-title=\"Nyeleni 1\" data-image-description=\"\" data-image-caption=\"\" data-large-file=\"https:\/\/i0.wp.com\/marchemondiale.org\/wp-content\/uploads\/2025\/11\/Nyeleni-1.jpeg?fit=1024%2C764&amp;ssl=1\" src=\"https:\/\/i0.wp.com\/marchemondiale.org\/wp-content\/uploads\/2025\/11\/Nyeleni-1.jpeg?resize=1024%2C764&#038;ssl=1\" alt=\"\" class=\"wp-image-8059\" srcset=\"https:\/\/i0.wp.com\/marchemondiale.org\/wp-content\/uploads\/2025\/11\/Nyeleni-1.jpeg?resize=1024%2C764&amp;ssl=1 1024w, https:\/\/i0.wp.com\/marchemondiale.org\/wp-content\/uploads\/2025\/11\/Nyeleni-1.jpeg?resize=300%2C224&amp;ssl=1 300w, https:\/\/i0.wp.com\/marchemondiale.org\/wp-content\/uploads\/2025\/11\/Nyeleni-1.jpeg?resize=768%2C573&amp;ssl=1 768w, https:\/\/i0.wp.com\/marchemondiale.org\/wp-content\/uploads\/2025\/11\/Nyeleni-1.jpeg?resize=1536%2C1146&amp;ssl=1 1536w, https:\/\/i0.wp.com\/marchemondiale.org\/wp-content\/uploads\/2025\/11\/Nyeleni-1.jpeg?resize=200%2C150&amp;ssl=1 200w, https:\/\/i0.wp.com\/marchemondiale.org\/wp-content\/uploads\/2025\/11\/Nyeleni-1.jpeg?resize=1200%2C896&amp;ssl=1 1200w, https:\/\/i0.wp.com\/marchemondiale.org\/wp-content\/uploads\/2025\/11\/Nyeleni-1.jpeg?resize=196%2C146&amp;ssl=1 196w, https:\/\/i0.wp.com\/marchemondiale.org\/wp-content\/uploads\/2025\/11\/Nyeleni-1.jpeg?resize=50%2C37&amp;ssl=1 50w, https:\/\/i0.wp.com\/marchemondiale.org\/wp-content\/uploads\/2025\/11\/Nyeleni-1.jpeg?resize=101%2C75&amp;ssl=1 101w, https:\/\/i0.wp.com\/marchemondiale.org\/wp-content\/uploads\/2025\/11\/Nyeleni-1.jpeg?w=1600&amp;ssl=1 1600w\" sizes=\"(max-width: 1024px) 100vw, 1024px\" \/><\/figure>\n<\/div>\n\n<div class=\"wp-block-image\">\n<figure class=\"aligncenter size-large\"><img data-recalc-dims=\"1\" decoding=\"async\" width=\"1024\" height=\"657\" data-attachment-id=\"8060\" data-permalink=\"https:\/\/marchemondiale.org\/?attachment_id=8060\" data-orig-file=\"https:\/\/i0.wp.com\/marchemondiale.org\/wp-content\/uploads\/2025\/11\/nyeleni-2.jpeg?fit=1204%2C773&amp;ssl=1\" data-orig-size=\"1204,773\" data-comments-opened=\"1\" data-image-meta=\"{&quot;aperture&quot;:&quot;0&quot;,&quot;credit&quot;:&quot;&quot;,&quot;camera&quot;:&quot;&quot;,&quot;caption&quot;:&quot;&quot;,&quot;created_timestamp&quot;:&quot;0&quot;,&quot;copyright&quot;:&quot;&quot;,&quot;focal_length&quot;:&quot;0&quot;,&quot;iso&quot;:&quot;0&quot;,&quot;shutter_speed&quot;:&quot;0&quot;,&quot;title&quot;:&quot;&quot;,&quot;orientation&quot;:&quot;0&quot;}\" data-image-title=\"nyeleni 2\" data-image-description=\"\" data-image-caption=\"\" data-large-file=\"https:\/\/i0.wp.com\/marchemondiale.org\/wp-content\/uploads\/2025\/11\/nyeleni-2.jpeg?fit=1024%2C657&amp;ssl=1\" src=\"https:\/\/i0.wp.com\/marchemondiale.org\/wp-content\/uploads\/2025\/11\/nyeleni-2.jpeg?resize=1024%2C657&#038;ssl=1\" alt=\"\" class=\"wp-image-8060\" srcset=\"https:\/\/i0.wp.com\/marchemondiale.org\/wp-content\/uploads\/2025\/11\/nyeleni-2.jpeg?resize=1024%2C657&amp;ssl=1 1024w, https:\/\/i0.wp.com\/marchemondiale.org\/wp-content\/uploads\/2025\/11\/nyeleni-2.jpeg?resize=300%2C193&amp;ssl=1 300w, https:\/\/i0.wp.com\/marchemondiale.org\/wp-content\/uploads\/2025\/11\/nyeleni-2.jpeg?resize=768%2C493&amp;ssl=1 768w, https:\/\/i0.wp.com\/marchemondiale.org\/wp-content\/uploads\/2025\/11\/nyeleni-2.jpeg?resize=1200%2C770&amp;ssl=1 1200w, https:\/\/i0.wp.com\/marchemondiale.org\/wp-content\/uploads\/2025\/11\/nyeleni-2.jpeg?resize=227%2C146&amp;ssl=1 227w, https:\/\/i0.wp.com\/marchemondiale.org\/wp-content\/uploads\/2025\/11\/nyeleni-2.jpeg?resize=50%2C32&amp;ssl=1 50w, https:\/\/i0.wp.com\/marchemondiale.org\/wp-content\/uploads\/2025\/11\/nyeleni-2.jpeg?resize=117%2C75&amp;ssl=1 117w, https:\/\/i0.wp.com\/marchemondiale.org\/wp-content\/uploads\/2025\/11\/nyeleni-2.jpeg?w=1204&amp;ssl=1 1204w\" sizes=\"(max-width: 1024px) 100vw, 1024px\" \/><\/figure>\n<\/div>\n\n\n<p class=\"wp-block-paragraph\">The 2nd Ny\u00e9l\u00e9ni Global Forum happened in 2015 in Mali, where agroecology as an alternative was built in dialogue between people with different cultures, languages and ways of living. Our comrade from Brazil, Sarah Luiza de Souza Moreira, shares with us the meaning of this transformative practice:<\/p>\n\n\n\n<p class=\"wp-block-paragraph\">\u201cFor us, from our experiences in our different territories, practicing agroecology means living to ensure real food, in the fields and in the cities, building fairer, more respectful, and more equal relationships between people and between people and nature. Caring for the land, the water, the seeds, the life, and women&#8217;s bodies is part of our daily experiences and struggles.\u201d<\/p>\n\n\n\n<p class=\"wp-block-paragraph\">Stay tuned to our website in the next few days to know more about how the 3rd Ny\u00e9l\u00e9ni Global Forum was for the delegates of our movement! Until then, the following texts from Capire are interesting further readings on the topic:<a href=\"https:\/\/capiremov.org\/en\/experience\/grassroots-agroecology-education-change-in-practice\/\"> Grassroots Agroecology Education: Change in Practice<\/a> and<a href=\"https:\/\/capiremov.org\/en\/experience\/peasant-women-nurturing-feminism-and-agroecology\/\"> Peasant Women Nurturing Feminism and Agroecology<\/a>. And don\u00b4t forget to check out the recently published<strong> <a href=\"https:\/\/nyeleniglobalforum.org\/wp-content\/uploads\/2025\/11\/EN_KANDY-DECLARATION.pdf\" data-type=\"link\" data-id=\"https:\/\/nyeleniglobalforum.org\/wp-content\/uploads\/2025\/11\/EN_KANDY-DECLARATION.pdf\">Kandy Declaration!<\/a><\/strong><\/p>\n\n\n\n<h3 class=\"wp-block-heading has-text-align-center\"><strong>Systemic Transformation, Now and Forever!<\/strong><br><br><\/h3>\n\n\n\n<p class=\"wp-block-paragraph\"><\/p>\n","protected":false},"excerpt":{"rendered":"<p>The Kandy Declaration is published! It&#8217;s a very powerful document that lights our path forward, and we encourage everyone to read it.&nbsp; In September 2025, the<span class=\"excerpt-hellip\"> [\u2026]<\/span><\/p>\n","protected":false},"author":232346172,"featured_media":8097,"comment_status":"open","ping_status":"open","sticky":false,"template":"","format":"standard","meta":{"_crdt_document":"","advanced_seo_description":"","jetpack_seo_html_title":"","jetpack_seo_noindex":false,"_EventAllDay":false,"_EventTimezone":"","_EventStartDate":"","_EventEndDate":"","_EventStartDateUTC":"","_EventEndDateUTC":"","_EventShowMap":false,"_EventShowMapLink":false,"_EventURL":"","_EventCost":"","_EventCostDescription":"","_EventCurrencySymbol":"","_EventCurrencyCode":"","_EventCurrencyPosition":"","_EventDateTimeSeparator":"","_EventTimeRangeSeparator":"","_EventOrganizerID":[],"_EventVenueID":[],"_OrganizerEmail":"","_OrganizerPhone":"","_OrganizerWebsite":"","_VenueAddress":"","_VenueCity":"","_VenueCountry":"","_VenueProvince":"","_VenueState":"","_VenueZip":"","_VenuePhone":"","_VenueURL":"","_VenueStateProvince":"","_VenueLat":"","_VenueLng":"","_VenueShowMap":false,"_VenueShowMapLink":false,"_jetpack_newsletter_access":"","_jetpack_dont_email_post_to_subs":false,"_jetpack_newsletter_tier_id":0,"_jetpack_memberships_contains_paywalled_content":false,"_jetpack_memberships_contains_paid_content":false,"footnotes":"","jetpack_publicize_message":"","jetpack_publicize_feature_enabled":true,"jetpack_social_post_already_shared":true,"jetpack_social_options":{"image_generator_settings":{"template":"highway","default_image_id":0,"font":"","enabled":false},"version":2},"_wpas_customize_per_network":false,"jetpack_post_was_ever_published":false},"categories":[944,18,516,33,518],"tags":[],"class_list":["post-8056","post","type-post","status-publish","format-standard","has-post-thumbnail","hentry","category-english-posts","category-declaration","category-media-and-publications","category-news-eng","category-regions"],"jetpack_publicize_connections":[],"jetpack_featured_media_url":"https:\/\/i0.wp.com\/marchemondiale.org\/wp-content\/uploads\/2025\/11\/Acao-Poster-1080-x-1350-px.png?fit=1080%2C1350&ssl=1","jetpack_likes_enabled":false,"jetpack_sharing_enabled":true,"jetpack_shortlink":"https:\/\/wp.me\/peCWNi-25W","jetpack-related-posts":[{"id":7166,"url":"https:\/\/marchemondiale.org\/?p=7166","url_meta":{"origin":8056,"position":0},"title":"Systemic Transformation Now and Forever: 3rd Ny\u00e9l\u00e9ni Global Forum in Sri Lanka","author":"communicationwmw","date":"17 September 2025","format":false,"excerpt":"From the 8th to the 13th of September, the 3rd Ny\u00e9l\u00e9ni Global Forum took place in Kandy, Sri Lanka. The 1st and 2nd editions were focused on food sovereignty and agroecology, while the most recent edition built on systemic transformation drinking from both struggles. For the World March of Women,\u2026","rel":"","context":"In &quot;6th International Action&quot;","block_context":{"text":"6th International Action","link":"https:\/\/marchemondiale.org\/?cat=759"},"img":{"alt_text":"","src":"https:\/\/i0.wp.com\/marchemondiale.org\/wp-content\/uploads\/2025\/09\/WhatsApp-Image-2025-09-17-at-15.15.49-1-e1758121575356.jpeg?fit=1200%2C831&ssl=1&resize=350%2C200","width":350,"height":200,"srcset":"https:\/\/i0.wp.com\/marchemondiale.org\/wp-content\/uploads\/2025\/09\/WhatsApp-Image-2025-09-17-at-15.15.49-1-e1758121575356.jpeg?fit=1200%2C831&ssl=1&resize=350%2C200 1x, https:\/\/i0.wp.com\/marchemondiale.org\/wp-content\/uploads\/2025\/09\/WhatsApp-Image-2025-09-17-at-15.15.49-1-e1758121575356.jpeg?fit=1200%2C831&ssl=1&resize=525%2C300 1.5x, https:\/\/i0.wp.com\/marchemondiale.org\/wp-content\/uploads\/2025\/09\/WhatsApp-Image-2025-09-17-at-15.15.49-1-e1758121575356.jpeg?fit=1200%2C831&ssl=1&resize=700%2C400 2x, https:\/\/i0.wp.com\/marchemondiale.org\/wp-content\/uploads\/2025\/09\/WhatsApp-Image-2025-09-17-at-15.15.49-1-e1758121575356.jpeg?fit=1200%2C831&ssl=1&resize=1050%2C600 3x"},"classes":[]},{"id":940,"url":"https:\/\/marchemondiale.org\/?p=940","url_meta":{"origin":8056,"position":1},"title":"8th La Via Campesina conference: we continue to build alliances","author":"communicationwmw","date":"4 January 2024","format":false,"excerpt":"From December 1 to 8, the 8th conference of La Via Campesina - LVC was held in Bogot\u00e1, Colombia, under the slogan \"In the face of global crises, we build food sovereignty to guarantee a future for humanity\". The conference was attended by more than 500 delegates from 81 countries,\u2026","rel":"","context":"In &quot;Feminist Economy Based On Sustainability Of Life And Food Sovereignty&quot;","block_context":{"text":"Feminist Economy Based On Sustainability Of Life And Food Sovereignty","link":"https:\/\/marchemondiale.org\/?cat=514"},"img":{"alt_text":"","src":"https:\/\/i0.wp.com\/marchemondiale.org\/wp-content\/uploads\/2024\/02\/WhatsApp-Image-2024-01-04-at-12.59.33-1024x768-2.jpeg?fit=1024%2C768&ssl=1&resize=350%2C200","width":350,"height":200,"srcset":"https:\/\/i0.wp.com\/marchemondiale.org\/wp-content\/uploads\/2024\/02\/WhatsApp-Image-2024-01-04-at-12.59.33-1024x768-2.jpeg?fit=1024%2C768&ssl=1&resize=350%2C200 1x, https:\/\/i0.wp.com\/marchemondiale.org\/wp-content\/uploads\/2024\/02\/WhatsApp-Image-2024-01-04-at-12.59.33-1024x768-2.jpeg?fit=1024%2C768&ssl=1&resize=525%2C300 1.5x, https:\/\/i0.wp.com\/marchemondiale.org\/wp-content\/uploads\/2024\/02\/WhatsApp-Image-2024-01-04-at-12.59.33-1024x768-2.jpeg?fit=1024%2C768&ssl=1&resize=700%2C400 2x"},"classes":[]},{"id":5849,"url":"https:\/\/marchemondiale.org\/?p=5849","url_meta":{"origin":8056,"position":2},"title":"\u00a0\u201cFeminism is revolution\u201d:\u00a0the 3rd National Meeting of the World March of Women Brazil took place in Natal-RN","author":"communicationwmw","date":"16 July 2024","format":false,"excerpt":"\u201cOverthrowing this system with strength and rebellion, organizing women without losing our courage: dreaming and fighting like Nalu Faria\u201d. The 3rd National Meeting of the World March of Women in Brazil took place from July 6th to 9th, bringing together more than thousand women militants guided by the hope and\u2026","rel":"","context":"In &quot;Americas&quot;","block_context":{"text":"Americas","link":"https:\/\/marchemondiale.org\/?cat=59"},"img":{"alt_text":"","src":"https:\/\/i0.wp.com\/marchemondiale.org\/wp-content\/uploads\/2025\/01\/5.jpeg?fit=1066%2C1080&ssl=1&resize=350%2C200","width":350,"height":200,"srcset":"https:\/\/i0.wp.com\/marchemondiale.org\/wp-content\/uploads\/2025\/01\/5.jpeg?fit=1066%2C1080&ssl=1&resize=350%2C200 1x, https:\/\/i0.wp.com\/marchemondiale.org\/wp-content\/uploads\/2025\/01\/5.jpeg?fit=1066%2C1080&ssl=1&resize=525%2C300 1.5x, https:\/\/i0.wp.com\/marchemondiale.org\/wp-content\/uploads\/2025\/01\/5.jpeg?fit=1066%2C1080&ssl=1&resize=700%2C400 2x, https:\/\/i0.wp.com\/marchemondiale.org\/wp-content\/uploads\/2025\/01\/5.jpeg?fit=1066%2C1080&ssl=1&resize=1050%2C600 3x"},"classes":[]},{"id":916,"url":"https:\/\/marchemondiale.org\/?p=916","url_meta":{"origin":8056,"position":3},"title":"The WMW has kicked off its preparation process for the Ny\u00e9l\u00e9ni Forum","author":"communicationwmw","date":"22 January 2024","format":false,"excerpt":"Watch the video: \u201cTogether We Build a Feminist Economy\u201d https:\/\/www.youtube.com\/watch?v=VuYHiSNWLTg The World March of Women\u2019s Working Group on Agroecology and Food Sovereignty has kicked off its preparation process for the Ny\u00e9l\u00e9ni Forum. The World March is a member of the International Planning Committee for Food Sovereignty (IPC), an autonomous and\u2026","rel":"","context":"In &quot;Feminist Economy Based On Sustainability Of Life And Food Sovereignty&quot;","block_context":{"text":"Feminist Economy Based On Sustainability Of Life And Food Sovereignty","link":"https:\/\/marchemondiale.org\/?cat=514"},"img":{"alt_text":"","src":"https:\/\/i0.wp.com\/marchemondiale.org\/wp-content\/uploads\/2024\/02\/workshop2-1215x1080-1.jpg?fit=1200%2C1067&ssl=1&resize=350%2C200","width":350,"height":200,"srcset":"https:\/\/i0.wp.com\/marchemondiale.org\/wp-content\/uploads\/2024\/02\/workshop2-1215x1080-1.jpg?fit=1200%2C1067&ssl=1&resize=350%2C200 1x, https:\/\/i0.wp.com\/marchemondiale.org\/wp-content\/uploads\/2024\/02\/workshop2-1215x1080-1.jpg?fit=1200%2C1067&ssl=1&resize=525%2C300 1.5x, https:\/\/i0.wp.com\/marchemondiale.org\/wp-content\/uploads\/2024\/02\/workshop2-1215x1080-1.jpg?fit=1200%2C1067&ssl=1&resize=700%2C400 2x, https:\/\/i0.wp.com\/marchemondiale.org\/wp-content\/uploads\/2024\/02\/workshop2-1215x1080-1.jpg?fit=1200%2C1067&ssl=1&resize=1050%2C600 3x"},"classes":[]},{"id":8581,"url":"https:\/\/marchemondiale.org\/?p=8581","url_meta":{"origin":8056,"position":4},"title":"The African Delegation in Black Feminist March in Brasilia","author":"communicationwmw","date":"12 December 2025","format":false,"excerpt":"Afro-Latina Convergence on Feminist Economy Dialogues and Transnational Solidarity Following the People\u2019s Summit in\u00a0Bel\u00e9m, the African delegation took part in the series of events of Afro-Latina Convergence on Feminist Economy Dialogues and Transnational Solidarity between 20-26 November. The African Delegation of World March of Women consisted of communications lead teams\u2026","rel":"","context":"In &quot;*English Posts&quot;","block_context":{"text":"*English Posts","link":"https:\/\/marchemondiale.org\/?cat=944"},"img":{"alt_text":"","src":"https:\/\/i0.wp.com\/marchemondiale.org\/wp-content\/uploads\/2025\/12\/MMM_MMN_Noelly-Castrof_-0110.jpg?fit=1200%2C800&ssl=1&resize=350%2C200","width":350,"height":200,"srcset":"https:\/\/i0.wp.com\/marchemondiale.org\/wp-content\/uploads\/2025\/12\/MMM_MMN_Noelly-Castrof_-0110.jpg?fit=1200%2C800&ssl=1&resize=350%2C200 1x, https:\/\/i0.wp.com\/marchemondiale.org\/wp-content\/uploads\/2025\/12\/MMM_MMN_Noelly-Castrof_-0110.jpg?fit=1200%2C800&ssl=1&resize=525%2C300 1.5x, https:\/\/i0.wp.com\/marchemondiale.org\/wp-content\/uploads\/2025\/12\/MMM_MMN_Noelly-Castrof_-0110.jpg?fit=1200%2C800&ssl=1&resize=700%2C400 2x, https:\/\/i0.wp.com\/marchemondiale.org\/wp-content\/uploads\/2025\/12\/MMM_MMN_Noelly-Castrof_-0110.jpg?fit=1200%2C800&ssl=1&resize=1050%2C600 3x"},"classes":[]},{"id":1095,"url":"https:\/\/marchemondiale.org\/?p=1095","url_meta":{"origin":8056,"position":5},"title":"International Declaration of the World March of Women &#8211; March 8, 2023","author":"communicationwmw","date":"6 March 2023","format":false,"excerpt":"We, as the World March of Women, are proud to celebrate International Day of Women's Struggle, on March 8th, 2023, by means of honoring the working women who firmly stood up as strong resistance and opposition in full determination against capitalism, in the beginning of the twentieth century.\u00a0 With our\u2026","rel":"","context":"In &quot;8 March: International Women\u2019s Day&quot;","block_context":{"text":"8 March: International Women\u2019s Day","link":"https:\/\/marchemondiale.org\/?cat=352"},"img":{"alt_text":"","src":"https:\/\/i0.wp.com\/marchemondiale.org\/wp-content\/uploads\/2024\/02\/WhatsApp-Image-2023-03-07-at-10.29.25-1080x1080-1.jpeg?fit=1080%2C1080&ssl=1&resize=350%2C200","width":350,"height":200,"srcset":"https:\/\/i0.wp.com\/marchemondiale.org\/wp-content\/uploads\/2024\/02\/WhatsApp-Image-2023-03-07-at-10.29.25-1080x1080-1.jpeg?fit=1080%2C1080&ssl=1&resize=350%2C200 1x, https:\/\/i0.wp.com\/marchemondiale.org\/wp-content\/uploads\/2024\/02\/WhatsApp-Image-2023-03-07-at-10.29.25-1080x1080-1.jpeg?fit=1080%2C1080&ssl=1&resize=525%2C300 1.5x, https:\/\/i0.wp.com\/marchemondiale.org\/wp-content\/uploads\/2024\/02\/WhatsApp-Image-2023-03-07-at-10.29.25-1080x1080-1.jpeg?fit=1080%2C1080&ssl=1&resize=700%2C400 2x, https:\/\/i0.wp.com\/marchemondiale.org\/wp-content\/uploads\/2024\/02\/WhatsApp-Image-2023-03-07-at-10.29.25-1080x1080-1.jpeg?fit=1080%2C1080&ssl=1&resize=1050%2C600 3x"},"classes":[]}],"_links":{"self":[{"href":"https:\/\/marchemondiale.org\/index.php?rest_route=\/wp\/v2\/posts\/8056","targetHints":{"allow":["GET"]}}],"collection":[{"href":"https:\/\/marchemondiale.org\/index.php?rest_route=\/wp\/v2\/posts"}],"about":[{"href":"https:\/\/marchemondiale.org\/index.php?rest_route=\/wp\/v2\/types\/post"}],"author":[{"embeddable":true,"href":"https:\/\/marchemondiale.org\/index.php?rest_route=\/wp\/v2\/users\/232346172"}],"replies":[{"embeddable":true,"href":"https:\/\/marchemondiale.org\/index.php?rest_route=%2Fwp%2Fv2%2Fcomments&post=8056"}],"version-history":[{"count":13,"href":"https:\/\/marchemondiale.org\/index.php?rest_route=\/wp\/v2\/posts\/8056\/revisions"}],"predecessor-version":[{"id":8087,"href":"https:\/\/marchemondiale.org\/index.php?rest_route=\/wp\/v2\/posts\/8056\/revisions\/8087"}],"wp:featuredmedia":[{"embeddable":true,"href":"https:\/\/marchemondiale.org\/index.php?rest_route=\/wp\/v2\/media\/8097"}],"wp:attachment":[{"href":"https:\/\/marchemondiale.org\/index.php?rest_route=%2Fwp%2Fv2%2Fmedia&parent=8056"}],"wp:term":[{"taxonomy":"category","embeddable":true,"href":"https:\/\/marchemondiale.org\/index.php?rest_route=%2Fwp%2Fv2%2Fcategories&post=8056"},{"taxonomy":"post_tag","embeddable":true,"href":"https:\/\/marchemondiale.org\/index.php?rest_route=%2Fwp%2Fv2%2Ftags&post=8056"}],"curies":[{"name":"wp","href":"https:\/\/api.w.org\/{rel}","templated":true}]}}